{"id":3898,"date":"2020-03-05T15:00:19","date_gmt":"2020-03-05T18:00:19","guid":{"rendered":"http:\/\/stiap.com.br\/stiap\/?p=3898"},"modified":"2020-03-05T15:17:37","modified_gmt":"2020-03-05T18:17:37","slug":"1a-reuniao-da-diretoria-executiva-da-fetiasp","status":"publish","type":"post","link":"https:\/\/stiap.com.br\/stiap\/2020\/03\/05\/1a-reuniao-da-diretoria-executiva-da-fetiasp\/","title":{"rendered":"1\u00aa Reuni\u00e3o da Diretoria Executiva da FETIASP"},"content":{"rendered":"<p>F\u00e2nio Luis Gomes &#8211; Presidente do Sindicato da Alimenta\u00e7\u00e3o de Piracicaba, participou da 1\u00aa reuni\u00e3o da diretoria executiva da Federa\u00e7\u00e3o da Alimenta\u00e7\u00e3o \u2013 FETIASP nesta ter\u00e7a-feira (03\/03). A reuni\u00e3o contou com a participa\u00e7\u00e3o do Dr. Arouca onde discutiram o planejamento das negocia\u00e7\u00f5es do 1\u00ba semestre e discuss\u00e3o do novo T.A.C. (Termo de Ajuste de Conduta) com o minist\u00e9rio p\u00fablico do trabalho.<\/p>\n<div id='gallery-1' class='gallery galleryid-3898 gallery-columns-2 gallery-size-medium'><figure class='gallery-item'>\n\t\t\t<div class='gallery-icon landscape'>\n\t\t\t\t<a href='https:\/\/stiap.com.br\/stiap\/wp-content\/uploads\/2020\/03\/FOTO-01.jpeg'><img width=\"300\" height=\"225\" src=\"https:\/\/stiap.com.br\/stiap\/wp-content\/uploads\/2020\/03\/FOTO-01.jpeg\" class=\"attachment-medium size-medium\" alt=\"\" decoding=\"async\" loading=\"lazy\" \/><\/a>\n\t\t\t<\/div><\/figure><figure class='gallery-item'>\n\t\t\t<div class='gallery-icon landscape'>\n\t\t\t\t<a href='https:\/\/stiap.com.br\/stiap\/wp-content\/uploads\/2020\/03\/FOTO-02.jpeg'><img width=\"300\" height=\"225\" src=\"https:\/\/stiap.com.br\/stiap\/wp-content\/uploads\/2020\/03\/FOTO-02.jpeg\" class=\"attachment-medium size-medium\" alt=\"\" decoding=\"async\" loading=\"lazy\" \/><\/a>\n\t\t\t<\/div><\/figure><figure class='gallery-item'>\n\t\t\t<div class='gallery-icon landscape'>\n\t\t\t\t<a href='https:\/\/stiap.com.br\/stiap\/wp-content\/uploads\/2020\/03\/FOTO-04.jpeg'><img width=\"300\" height=\"225\" src=\"https:\/\/stiap.com.br\/stiap\/wp-content\/uploads\/2020\/03\/FOTO-04.jpeg\" class=\"attachment-medium size-medium\" alt=\"\" decoding=\"async\" loading=\"lazy\" \/><\/a>\n\t\t\t<\/div><\/figure><figure class='gallery-item'>\n\t\t\t<div class='gallery-icon landscape'>\n\t\t\t\t<a href='https:\/\/stiap.com.br\/stiap\/wp-content\/uploads\/2020\/03\/FOTO-05.jpeg'><img width=\"300\" height=\"225\" src=\"https:\/\/stiap.com.br\/stiap\/wp-content\/uploads\/2020\/03\/FOTO-05.jpeg\" class=\"attachment-medium size-medium\" alt=\"\" decoding=\"async\" loading=\"lazy\" \/><\/a>\n\t\t\t<\/div><\/figure>\n\t\t<\/div>\n\n","protected":false},"excerpt":{"rendered":"<p>F\u00e2nio Luis Gomes &#8211; Presidente do Sindicato da Alimenta\u00e7\u00e3o de Piracicaba, participou da 1\u00aa reuni\u00e3o da diretoria executiva da Federa\u00e7\u00e3o<\/p>\n","protected":false},"author":3,"featured_media":3899,"comment_status":"closed","ping_status":"open","sticky":false,"template":"","format":"standard","meta":{"ngg_post_thumbnail":0,"_links_to":"","_links_to_target":""},"categories":[3,5],"tags":[15,14],"_links":{"self":[{"href":"https:\/\/stiap.com.br\/stiap\/wp-json\/wp\/v2\/posts\/3898"}],"collection":[{"href":"https:\/\/stiap.com.br\/stiap\/wp-json\/wp\/v2\/posts"}],"about":[{"href":"https:\/\/stiap.com.br\/stiap\/wp-json\/wp\/v2\/types\/post"}],"author":[{"embeddable":true,"href":"https:\/\/stiap.com.br\/stiap\/wp-json\/wp\/v2\/users\/3"}],"replies":[{"embeddable":true,"href":"https:\/\/stiap.com.br\/stiap\/wp-json\/wp\/v2\/comments?post=3898"}],"version-history":[{"count":2,"href":"https:\/\/stiap.com.br\/stiap\/wp-json\/wp\/v2\/posts\/3898\/revisions"}],"predecessor-version":[{"id":3906,"href":"https:\/\/stiap.com.br\/stiap\/wp-json\/wp\/v2\/posts\/3898\/revisions\/3906"}],"wp:featuredmedia":[{"embeddable":true,"href":"https:\/\/stiap.com.br\/stiap\/wp-json\/wp\/v2\/media\/3899"}],"wp:attachment":[{"href":"https:\/\/stiap.com.br\/stiap\/wp-json\/wp\/v2\/media?parent=3898"}],"wp:term":[{"taxonomy":"category","embeddable":true,"href":"https:\/\/stiap.com.br\/stiap\/wp-json\/wp\/v2\/categories?post=3898"},{"taxonomy":"post_tag","embeddable":true,"href":"https:\/\/stiap.com.br\/stiap\/wp-json\/wp\/v2\/tags?post=3898"}],"curies":[{"name":"wp","href":"https:\/\/api.w.org\/{rel}","templated":true}]}}