{"id":4017,"date":"2020-07-15T09:52:34","date_gmt":"2020-07-15T12:52:34","guid":{"rendered":"http:\/\/stiap.com.br\/stiap\/?p=4017"},"modified":"2020-07-15T09:53:33","modified_gmt":"2020-07-15T12:53:33","slug":"fique-ligado-4","status":"publish","type":"post","link":"https:\/\/stiap.com.br\/stiap\/2020\/07\/15\/fique-ligado-4\/","title":{"rendered":"Fique Ligado!"},"content":{"rendered":"<p>O governo federal divulgou portaria na sexta-feira (19) com as medidas que dever\u00e3o ser adotadas pelos frigor\u00edficos brasileiros para a prote\u00e7\u00e3o dos funcion\u00e1rios durante a pandemia de covid-19, que n\u00e3o inclui exig\u00eancia de testagem de todos os trabalhadores para a doen\u00e7a.<\/p>\n<p>\u201cEssa portaria vai harmonizar mais as a\u00e7\u00f5es para que os frigor\u00edficos possam, neste momento de pandemia, trabalhar com a seguran\u00e7a de seus funcion\u00e1rios e tamb\u00e9m para que possam continuar a produ\u00e7\u00e3o, trabalhando de maneira normal e trazendo os alimentos para abastecer o Brasil e o mundo\u201d, disse a ministra da Agricultura, Tereza Cristina, em nota.<\/p>\n<p>Procuradores do Trabalho tinham pedido o fechamento tempor\u00e1rio de alguns frigor\u00edficos brasileiros, por meio de liminares judiciais, para exigir testagem em massa de trabalhadores e adequa\u00e7\u00e3o das instala\u00e7\u00f5es quando identificados casos do novo coronav\u00edrus entre os funcion\u00e1rios.<\/p>\n<p>Alguns frigor\u00edficos assinaram termos de ajustes de conduta com o Minist\u00e9rio P\u00fablico do Trabalho para adotar as requeridas mudan\u00e7as. J\u00e1 a JBS, por exemplo, tem recorrido \u00e0 Justi\u00e7a para derrubar liminares obtidas pelos procuradores alegando que j\u00e1 cumpre r\u00edgido protocolo de preven\u00e7\u00e3o da covid-19, seguindo orienta\u00e7\u00f5es de autoridades e especialistas de sa\u00fade.<\/p>\n<p>&nbsp;<\/p>\n<p><strong>Confira a mat\u00e9ria completa no link abaixo:<\/strong><\/p>\n<p><a href=\"https:\/\/jornalcampoaberto.com\/2020\/06\/governo-divulga-medidas-para-evitar-surtos-de-covid-19-em-frigorificos\/\">www.jornalcampoaberto.com\/2020\/06\/governo-divulga-medidas-para-evitar-surtos-de-covid-19-em-frigorificos<\/a><\/p>\n","protected":false},"excerpt":{"rendered":"<p>O governo federal divulgou portaria na sexta-feira (19) com as medidas que dever\u00e3o ser adotadas pelos frigor\u00edficos brasileiros para a<\/p>\n","protected":false},"author":3,"featured_media":4018,"comment_status":"closed","ping_status":"open","sticky":false,"template":"","format":"standard","meta":{"ngg_post_thumbnail":0,"_links_to":"","_links_to_target":""},"categories":[3,5],"tags":[],"_links":{"self":[{"href":"https:\/\/stiap.com.br\/stiap\/wp-json\/wp\/v2\/posts\/4017"}],"collection":[{"href":"https:\/\/stiap.com.br\/stiap\/wp-json\/wp\/v2\/posts"}],"about":[{"href":"https:\/\/stiap.com.br\/stiap\/wp-json\/wp\/v2\/types\/post"}],"author":[{"embeddable":true,"href":"https:\/\/stiap.com.br\/stiap\/wp-json\/wp\/v2\/users\/3"}],"replies":[{"embeddable":true,"href":"https:\/\/stiap.com.br\/stiap\/wp-json\/wp\/v2\/comments?post=4017"}],"version-history":[{"count":2,"href":"https:\/\/stiap.com.br\/stiap\/wp-json\/wp\/v2\/posts\/4017\/revisions"}],"predecessor-version":[{"id":4020,"href":"https:\/\/stiap.com.br\/stiap\/wp-json\/wp\/v2\/posts\/4017\/revisions\/4020"}],"wp:featuredmedia":[{"embeddable":true,"href":"https:\/\/stiap.com.br\/stiap\/wp-json\/wp\/v2\/media\/4018"}],"wp:attachment":[{"href":"https:\/\/stiap.com.br\/stiap\/wp-json\/wp\/v2\/media?parent=4017"}],"wp:term":[{"taxonomy":"category","embeddable":true,"href":"https:\/\/stiap.com.br\/stiap\/wp-json\/wp\/v2\/categories?post=4017"},{"taxonomy":"post_tag","embeddable":true,"href":"https:\/\/stiap.com.br\/stiap\/wp-json\/wp\/v2\/tags?post=4017"}],"curies":[{"name":"wp","href":"https:\/\/api.w.org\/{rel}","templated":true}]}}