{"id":4051,"date":"2020-08-03T15:24:37","date_gmt":"2020-08-03T18:24:37","guid":{"rendered":"http:\/\/stiap.com.br\/stiap\/?p=4051"},"modified":"2020-08-03T15:25:40","modified_gmt":"2020-08-03T18:25:40","slug":"fique-ligado-7","status":"publish","type":"post","link":"https:\/\/stiap.com.br\/stiap\/2020\/08\/03\/fique-ligado-7\/","title":{"rendered":"Fique ligado!"},"content":{"rendered":"<h2 class=\"content-head__subtitle\">Novos aprovados come\u00e7am a receber pagamentos a partir de quarta-feira (05\/08\/2020).<\/h2>\n<p>&nbsp;<\/p>\n<div class=\"mc-column content-text active-extra-styles active-capital-letter\" data-block-type=\"unstyled\" data-block-weight=\"35\" data-block-id=\"1\">\n<p class=\"content-text__container theme-color-primary-first-letter\" data-track-category=\"Link no Texto\" data-track-links=\"\">O&nbsp;<a href=\"https:\/\/g1.globo.com\/tudo-sobre\/ministerio-da-cidadania\/\/\">Minist\u00e9rio da Cidadania<\/a>&nbsp;divulgou nesta segunda-feira (3) o calend\u00e1rio de pagamentos do&nbsp;<a href=\"https:\/\/g1.globo.com\/economia\/auxilio-emergencial\/\">Aux\u00edlio Emergencial<\/a>&nbsp;para novos aprovados e pessoas que tiveram o pagamento reavaliado. O total de beneficiados chega a 1,15 milh\u00e3o de pessoas.<\/p>\n<\/div>\n<div class=\"wall protected-content\">\n<div class=\"mc-column content-text active-extra-styles\" data-block-type=\"raw\" data-block-weight=\"31\" data-block-id=\"2\">\n<ul class=\"content-unordered-list\">\n<li><a href=\"https:\/\/g1.globo.com\/economia\/noticia\/2020\/07\/22\/auxilio-emergencial-como-liberar-a-conta-bloqueada-no-aplicativo-caixa-tem.ghtml\">Saiba como liberar a conta bloqueada no aplicativo Caixa Tem<\/a><\/li>\n<li><a href=\"https:\/\/g1.globo.com\/economia\/noticia\/2020\/04\/07\/como-sera-feito-o-pagamento-do-auxilio-emergencial-de-r-600.ghtml\">Veja o calend\u00e1rio completo de pagamentos do Aux\u00edlio Emergencial<\/a><\/li>\n<li><a href=\"https:\/\/g1.globo.com\/economia\/noticia\/2020\/04\/07\/tire-suas-duvidas-sobre-o-auxilio-emergencial-de-r-600.ghtml\">Tira d\u00favidas sobre o Aux\u00edlio Emergencial<\/a><\/li>\n<li><a href=\"https:\/\/g1.globo.com\/economia\/auxilio-emergencial\/\">SAIBA TUDO SOBRE O AUX\u00cdLIO EMERGENCIAL<\/a><\/li>\n<\/ul>\n<\/div>\n<div class=\"mc-column content-text active-extra-styles \" data-block-type=\"unstyled\" data-block-weight=\"4\" data-block-id=\"3\">\n<p class=\"content-text__container \" data-track-category=\"Link no Texto\" data-track-links=\"\"><strong>O novo calend\u00e1rio abrange:<\/strong><\/p>\n<\/div>\n<div class=\"mc-column content-text active-extra-styles\" data-block-type=\"raw\" data-block-weight=\"49\" data-block-id=\"4\">\n<ul class=\"content-unordered-list\">\n<li>quem fez o&nbsp;<a href=\"https:\/\/g1.globo.com\/economia\/noticia\/2020\/07\/28\/auxilio-emergencial-dataprev-libera-8053-mil-pedidos.ghtml\">procedimento de contesta\u00e7\u00e3o por meio da plataforma digital entre os dias 24 de abril e 19 de julho e tenha sido considerado eleg\u00edvel<\/a><\/li>\n<li>e benefici\u00e1rios que tenham recebido a primeira parcela em abril e tiveram o pagamento reavaliado em julho, decorrente de atualiza\u00e7\u00f5es de dados governamentais<\/li>\n<\/ul>\n<\/div>\n<div class=\"mc-column content-text active-extra-styles\" data-block-type=\"raw\" data-block-weight=\"4\" data-block-id=\"5\">\n<div class=\"content-intertitle\">\n<h2>Como funciona o pagamento<\/h2>\n<\/div>\n<\/div>\n<div class=\"mc-column content-text active-extra-styles \" data-block-type=\"unstyled\" data-block-weight=\"53\" data-block-id=\"6\">\n<p class=\"content-text__container \" data-track-category=\"Link no Texto\" data-track-links=\"\">Para ambos os grupos, os pagamentos ser\u00e3o feitos inicialmente em conta poupan\u00e7a digital da&nbsp;<a href=\"https:\/\/g1.globo.com\/tudo-sobre\/caixa-economica-federal\/\">Caixa<\/a>, que poder\u00e1 ser usada apenas para o pagamento de contas, de boletos e para a realiza\u00e7\u00e3o de compras por meio do cart\u00e3o de d\u00e9bito virtual ou QR code. Saques e transfer\u00eancias ser\u00e3o liberados em uma segunda data.<\/p>\n<\/div>\n<div class=\"mc-column content-text active-extra-styles\" data-block-type=\"raw\" data-block-weight=\"4\" data-block-id=\"7\">\n<div class=\"content-intertitle\">\n<p style=\"text-align: center;\"><a href=\"https:\/\/g1.globo.com\/economia\/noticia\/2020\/08\/03\/auxilio-emergencial-governo-divulga-calendario-de-pagamento-para-mais-115-milhao-de-beneficiarios.ghtml\" target=\"_blank\" rel=\"noopener noreferrer\"><strong>VEJA OS NOVOS CALEND\u00c1RIOS CLICANDO AQUI<\/strong><\/a><\/p>\n<\/div>\n<p>Fonte:&nbsp;https:\/\/g1.globo.com\/economia\/noticia\/2020\/08\/03\/auxilio-emergencial<\/p>\n<\/div>\n<\/div>\n","protected":false},"excerpt":{"rendered":"<p>Novos aprovados come\u00e7am a receber pagamentos a partir de quarta-feira (05\/08\/2020). &nbsp; O&nbsp;Minist\u00e9rio da Cidadania&nbsp;divulgou nesta segunda-feira (3) o calend\u00e1rio<\/p>\n","protected":false},"author":3,"featured_media":4052,"comment_status":"closed","ping_status":"open","sticky":false,"template":"","format":"standard","meta":{"ngg_post_thumbnail":0,"_links_to":"","_links_to_target":""},"categories":[3,5],"tags":[],"_links":{"self":[{"href":"https:\/\/stiap.com.br\/stiap\/wp-json\/wp\/v2\/posts\/4051"}],"collection":[{"href":"https:\/\/stiap.com.br\/stiap\/wp-json\/wp\/v2\/posts"}],"about":[{"href":"https:\/\/stiap.com.br\/stiap\/wp-json\/wp\/v2\/types\/post"}],"author":[{"embeddable":true,"href":"https:\/\/stiap.com.br\/stiap\/wp-json\/wp\/v2\/users\/3"}],"replies":[{"embeddable":true,"href":"https:\/\/stiap.com.br\/stiap\/wp-json\/wp\/v2\/comments?post=4051"}],"version-history":[{"count":2,"href":"https:\/\/stiap.com.br\/stiap\/wp-json\/wp\/v2\/posts\/4051\/revisions"}],"predecessor-version":[{"id":4054,"href":"https:\/\/stiap.com.br\/stiap\/wp-json\/wp\/v2\/posts\/4051\/revisions\/4054"}],"wp:featuredmedia":[{"embeddable":true,"href":"https:\/\/stiap.com.br\/stiap\/wp-json\/wp\/v2\/media\/4052"}],"wp:attachment":[{"href":"https:\/\/stiap.com.br\/stiap\/wp-json\/wp\/v2\/media?parent=4051"}],"wp:term":[{"taxonomy":"category","embeddable":true,"href":"https:\/\/stiap.com.br\/stiap\/wp-json\/wp\/v2\/categories?post=4051"},{"taxonomy":"post_tag","embeddable":true,"href":"https:\/\/stiap.com.br\/stiap\/wp-json\/wp\/v2\/tags?post=4051"}],"curies":[{"name":"wp","href":"https:\/\/api.w.org\/{rel}","templated":true}]}}