{"id":4069,"date":"2020-08-17T17:24:32","date_gmt":"2020-08-17T20:24:32","guid":{"rendered":"http:\/\/stiap.com.br\/stiap\/?p=4069"},"modified":"2020-08-25T17:50:33","modified_gmt":"2020-08-25T20:50:33","slug":"campanha-salarial-setembro-2020","status":"publish","type":"post","link":"https:\/\/stiap.com.br\/stiap\/2020\/08\/17\/campanha-salarial-setembro-2020\/","title":{"rendered":"Campanha Salarial &#8211; Setembro 2020"},"content":{"rendered":"<p><strong>Companheiros(as) do setor da alimenta\u00e7\u00e3o.<\/strong><br \/>\n\u2800\u2800\u2800\u2800<br \/>\nA Diretoria do Sindicato est\u00e1 em campanha salarial para as negocia\u00e7\u00f5es, data base 1\u00ba de setembro estamos reivindicado o INPC acumulado dos 12 meses e a manuten\u00e7\u00e3o de todos os benef\u00edcios j\u00e1 conquistados na nossa conven\u00e7\u00e3o coletiva como:<br \/>\n\u2800\u2800\u2800\u2800<br \/>\n\u2022 REAJUSTE DE SAL\u00c1RIO;<br \/>\n\u2022 CESTA B\u00c1SICA;<br \/>\n\u2022 PLR;<br \/>\n\u2022 SA\u00daDE E SEGURAN\u00c7A NO AMBIENTE DE TRABALHO;<br \/>\ne demais Cl\u00e1usulas Sociais e Econ\u00f4micas que ter\u00e3o que ser garantidas na nossa Conven\u00e7\u00e3o Coletiva de Trabalho.<br \/>\n\u2800\u2800\u2800\u2800<br \/>\n\u2705\u2800Pedimos que nos envie sugest\u00f5es para a montagem de nossa pauta at\u00e9 o dia 31\/09\/2020 atrav\u00e9s de nossos meios de comunica\u00e7\u00e3o:<br \/>\n\u2800\u2800\u2800\u2800<br \/>\n\ud83d\udce9 sindicato@stiap.com.br<br \/>\n\u260e\ufe0f (19) 3437-3700<br \/>\n\u2800\u2800\u2800\u2800<br \/>\nA DIRETORIA<\/p>\n<p>&nbsp;<\/p>\n<div id='gallery-1' class='gallery galleryid-4069 gallery-columns-2 gallery-size-large'><figure class='gallery-item'>\n\t\t\t<div class='gallery-icon landscape'>\n\t\t\t\t<a href='https:\/\/stiap.com.br\/stiap\/wp-content\/uploads\/2020\/08\/WhatsApp-Image-2020-08-13-at-15.19.02.jpeg'><img width=\"800\" height=\"599\" src=\"https:\/\/stiap.com.br\/stiap\/wp-content\/uploads\/2020\/08\/WhatsApp-Image-2020-08-13-at-15.19.02.jpeg\" class=\"attachment-large size-large\" alt=\"\" decoding=\"async\" loading=\"lazy\" \/><\/a>\n\t\t\t<\/div><\/figure><figure class='gallery-item'>\n\t\t\t<div class='gallery-icon landscape'>\n\t\t\t\t<a href='https:\/\/stiap.com.br\/stiap\/wp-content\/uploads\/2020\/08\/WhatsApp-Image-2020-08-13-at-15.14.50.jpeg'><img width=\"800\" height=\"599\" src=\"https:\/\/stiap.com.br\/stiap\/wp-content\/uploads\/2020\/08\/WhatsApp-Image-2020-08-13-at-15.14.50.jpeg\" class=\"attachment-large size-large\" alt=\"\" decoding=\"async\" loading=\"lazy\" \/><\/a>\n\t\t\t<\/div><\/figure>\n\t\t<\/div>\n\n<p>&nbsp;<\/p>\n","protected":false},"excerpt":{"rendered":"<p>Companheiros(as) do setor da alimenta\u00e7\u00e3o. \u2800\u2800\u2800\u2800 A Diretoria do Sindicato est\u00e1 em campanha salarial para as negocia\u00e7\u00f5es, data base 1\u00ba<\/p>\n","protected":false},"author":3,"featured_media":4071,"comment_status":"closed","ping_status":"open","sticky":false,"template":"","format":"standard","meta":{"ngg_post_thumbnail":0,"_links_to":"","_links_to_target":""},"categories":[3,5],"tags":[],"_links":{"self":[{"href":"https:\/\/stiap.com.br\/stiap\/wp-json\/wp\/v2\/posts\/4069"}],"collection":[{"href":"https:\/\/stiap.com.br\/stiap\/wp-json\/wp\/v2\/posts"}],"about":[{"href":"https:\/\/stiap.com.br\/stiap\/wp-json\/wp\/v2\/types\/post"}],"author":[{"embeddable":true,"href":"https:\/\/stiap.com.br\/stiap\/wp-json\/wp\/v2\/users\/3"}],"replies":[{"embeddable":true,"href":"https:\/\/stiap.com.br\/stiap\/wp-json\/wp\/v2\/comments?post=4069"}],"version-history":[{"count":1,"href":"https:\/\/stiap.com.br\/stiap\/wp-json\/wp\/v2\/posts\/4069\/revisions"}],"predecessor-version":[{"id":4072,"href":"https:\/\/stiap.com.br\/stiap\/wp-json\/wp\/v2\/posts\/4069\/revisions\/4072"}],"wp:featuredmedia":[{"embeddable":true,"href":"https:\/\/stiap.com.br\/stiap\/wp-json\/wp\/v2\/media\/4071"}],"wp:attachment":[{"href":"https:\/\/stiap.com.br\/stiap\/wp-json\/wp\/v2\/media?parent=4069"}],"wp:term":[{"taxonomy":"category","embeddable":true,"href":"https:\/\/stiap.com.br\/stiap\/wp-json\/wp\/v2\/categories?post=4069"},{"taxonomy":"post_tag","embeddable":true,"href":"https:\/\/stiap.com.br\/stiap\/wp-json\/wp\/v2\/tags?post=4069"}],"curies":[{"name":"wp","href":"https:\/\/api.w.org\/{rel}","templated":true}]}}