{"id":4086,"date":"2020-09-17T15:28:36","date_gmt":"2020-09-17T18:28:36","guid":{"rendered":"http:\/\/stiap.com.br\/stiap\/?p=4086"},"modified":"2020-09-17T15:32:11","modified_gmt":"2020-09-17T18:32:11","slug":"capacitacao-de-diretores-sindicais","status":"publish","type":"post","link":"https:\/\/stiap.com.br\/stiap\/2020\/09\/17\/capacitacao-de-diretores-sindicais\/","title":{"rendered":"Capacita\u00e7\u00e3o de Diretores Sindicais"},"content":{"rendered":"<p>O Sindicato de Alimenta\u00e7\u00e3o de Piracicaba STIAP participou da Capacita\u00e7\u00e3o dos Diretores Sindicais, realizada (14\/09) no Clube recreativo do Sindicato dos Trabalhadores Metal\u00fargicos de Piracicaba e regi\u00e3o.<\/p>\n<div style=\"width: 800px;\" class=\"wp-video\"><!--[if lt IE 9]><script>document.createElement('video');<\/script><![endif]-->\n<video class=\"wp-video-shortcode\" id=\"video-4086-1\" width=\"800\" height=\"450\" preload=\"metadata\" controls=\"controls\"><source type=\"video\/mp4\" src=\"https:\/\/stiap.com.br\/stiap\/wp-content\/uploads\/2020\/09\/VIDEO-POSTAR-2.mp4?_=1\" \/><a href=\"https:\/\/stiap.com.br\/stiap\/wp-content\/uploads\/2020\/09\/VIDEO-POSTAR-2.mp4\">https:\/\/stiap.com.br\/stiap\/wp-content\/uploads\/2020\/09\/VIDEO-POSTAR-2.mp4<\/a><\/video><\/div>\n<p><em><strong>Fonte do V\u00eddeo:&nbsp;MetalPiracicaba<\/strong><\/em><\/p>\n<p>O evento organizado pelo Conselho das Entidades Sindicais (Conespi), Centro de Refer\u00eancia em Sa\u00fade do Trabalhador (Cerest) e Comiss\u00e3o Intersetorial em Sa\u00fade do Trabalhador (Cist), teve como objetivo, promover o aperfei\u00e7oamento t\u00e9cnico dos dirigentes sindicais e fortalecer a preven\u00e7\u00e3o a acidentes e doen\u00e7as do trabalho, desenvolvido nas empresas.<\/p>\n<p>&nbsp;<\/p>\n<p>Marcaram presen\u00e7a no evento, os representantes dos sindicatos dos metal\u00fargicos, papeleiros, banc\u00e1rios, constru\u00e7\u00e3o civil, alimenta\u00e7\u00e3o, com\u00e9rcio, Sindicato dos Empregados em Empresas de Asseio e Conserva\u00e7\u00e3o e Trabalhadores na Limpeza Urbana e \u00c1reas Verdes de Piracicaba e Regi\u00e3o e Sindicato dos movimentadores de mercadoria \u2013 Sindmov.<\/p>\n<p>&nbsp;<\/p>\n<p>O evento foi realizado seguran\u00e7a, seguindo todas as regras sanit\u00e1rias recomendadas pelos \u00f3rg\u00e3os p\u00fablicos de sa\u00fade, devido a pandemia do coronav\u00edrus.<\/p>\n<p>&nbsp;<\/p>\n<p>&nbsp;<\/p>\n","protected":false},"excerpt":{"rendered":"<p>O Sindicato de Alimenta\u00e7\u00e3o de Piracicaba STIAP participou da Capacita\u00e7\u00e3o dos Diretores Sindicais, realizada (14\/09) no Clube recreativo do Sindicato<\/p>\n","protected":false},"author":3,"featured_media":4088,"comment_status":"closed","ping_status":"open","sticky":false,"template":"","format":"standard","meta":{"ngg_post_thumbnail":0,"_links_to":"","_links_to_target":""},"categories":[3,5],"tags":[],"_links":{"self":[{"href":"https:\/\/stiap.com.br\/stiap\/wp-json\/wp\/v2\/posts\/4086"}],"collection":[{"href":"https:\/\/stiap.com.br\/stiap\/wp-json\/wp\/v2\/posts"}],"about":[{"href":"https:\/\/stiap.com.br\/stiap\/wp-json\/wp\/v2\/types\/post"}],"author":[{"embeddable":true,"href":"https:\/\/stiap.com.br\/stiap\/wp-json\/wp\/v2\/users\/3"}],"replies":[{"embeddable":true,"href":"https:\/\/stiap.com.br\/stiap\/wp-json\/wp\/v2\/comments?post=4086"}],"version-history":[{"count":4,"href":"https:\/\/stiap.com.br\/stiap\/wp-json\/wp\/v2\/posts\/4086\/revisions"}],"predecessor-version":[{"id":4096,"href":"https:\/\/stiap.com.br\/stiap\/wp-json\/wp\/v2\/posts\/4086\/revisions\/4096"}],"wp:featuredmedia":[{"embeddable":true,"href":"https:\/\/stiap.com.br\/stiap\/wp-json\/wp\/v2\/media\/4088"}],"wp:attachment":[{"href":"https:\/\/stiap.com.br\/stiap\/wp-json\/wp\/v2\/media?parent=4086"}],"wp:term":[{"taxonomy":"category","embeddable":true,"href":"https:\/\/stiap.com.br\/stiap\/wp-json\/wp\/v2\/categories?post=4086"},{"taxonomy":"post_tag","embeddable":true,"href":"https:\/\/stiap.com.br\/stiap\/wp-json\/wp\/v2\/tags?post=4086"}],"curies":[{"name":"wp","href":"https:\/\/api.w.org\/{rel}","templated":true}]}}