{"id":4530,"date":"2021-10-16T14:10:42","date_gmt":"2021-10-16T17:10:42","guid":{"rendered":"http:\/\/stiap.com.br\/stiap\/?p=4530"},"modified":"2023-02-12T14:34:03","modified_gmt":"2023-02-12T17:34:03","slug":"dia-16-de-outubro-dia-mundial-da-alimentacao","status":"publish","type":"post","link":"https:\/\/stiap.com.br\/stiap\/2021\/10\/16\/dia-16-de-outubro-dia-mundial-da-alimentacao\/","title":{"rendered":"Dia 16 de Outubro, dia Mundial da Alimenta\u00e7\u00e3o!!"},"content":{"rendered":"<div class=\"kvgmc6g5 cxmmr5t8 oygrvhab hcukyx3x c1et5uql ii04i59q\">\n<div dir=\"auto\" style=\"text-align: left;\">\n<p style=\"text-align: center;\"><strong>Dia 16 de Outubro, dia Mundial da Alimenta\u00e7\u00e3o!!&nbsp;<\/strong><\/p>\n<\/div>\n<\/div>\n<div class=\"o9v6fnle cxmmr5t8 oygrvhab hcukyx3x c1et5uql ii04i59q\" style=\"text-align: center;\">\n<div dir=\"auto\">\n<p>Muito obrigado a todos os trabalhadores e produtores no setor da alimenta\u00e7\u00e3o que com garra e determina\u00e7\u00e3o ajudam no<\/p>\n<p>processamento do alimento que sustenta o Brasil e o Mundo.!!<\/p>\n<\/div>\n<\/div>\n<div class=\"o9v6fnle cxmmr5t8 oygrvhab hcukyx3x c1et5uql ii04i59q\">\n<div dir=\"auto\" style=\"text-align: left;\">\n<p style=\"text-align: center;\">Uma homenagem de toda a Diretoria do STIAP.<\/p>\n<p style=\"text-align: center;\"><a href=\"https:\/\/stiap.com.br\/stiap\/wp-content\/uploads\/2021\/10\/WhatsApp-Image-2021-10-16-at-11.52.31.jpeg\"><img decoding=\"async\" loading=\"lazy\" class=\"wp-image-4531 size-large aligncenter\" src=\"https:\/\/stiap.com.br\/stiap\/wp-content\/uploads\/2021\/10\/WhatsApp-Image-2021-10-16-at-11.52.31-1024x1024.jpeg\" alt=\"\" width=\"800\" height=\"800\" srcset=\"https:\/\/stiap.com.br\/stiap\/wp-content\/uploads\/2021\/10\/WhatsApp-Image-2021-10-16-at-11.52.31-1024x1024.jpeg 1024w, https:\/\/stiap.com.br\/stiap\/wp-content\/uploads\/2021\/10\/WhatsApp-Image-2021-10-16-at-11.52.31-150x150.jpeg 150w, https:\/\/stiap.com.br\/stiap\/wp-content\/uploads\/2021\/10\/WhatsApp-Image-2021-10-16-at-11.52.31-300x300.jpeg 300w, https:\/\/stiap.com.br\/stiap\/wp-content\/uploads\/2021\/10\/WhatsApp-Image-2021-10-16-at-11.52.31-768x768.jpeg 768w, https:\/\/stiap.com.br\/stiap\/wp-content\/uploads\/2021\/10\/WhatsApp-Image-2021-10-16-at-11.52.31.jpeg 1080w\" sizes=\"(max-width: 800px) 100vw, 800px\" \/><\/a><\/p>\n<p>&nbsp;<\/p>\n<\/div>\n<\/div>\n","protected":false},"excerpt":{"rendered":"<p>Dia 16 de Outubro, dia Mundial da Alimenta\u00e7\u00e3o!!&nbsp; Muito obrigado a todos os trabalhadores e produtores no setor da alimenta\u00e7\u00e3o<\/p>\n","protected":false},"author":3,"featured_media":4535,"comment_status":"closed","ping_status":"open","sticky":false,"template":"","format":"image","meta":{"ngg_post_thumbnail":0,"_links_to":"","_links_to_target":""},"categories":[5],"tags":[],"_links":{"self":[{"href":"https:\/\/stiap.com.br\/stiap\/wp-json\/wp\/v2\/posts\/4530"}],"collection":[{"href":"https:\/\/stiap.com.br\/stiap\/wp-json\/wp\/v2\/posts"}],"about":[{"href":"https:\/\/stiap.com.br\/stiap\/wp-json\/wp\/v2\/types\/post"}],"author":[{"embeddable":true,"href":"https:\/\/stiap.com.br\/stiap\/wp-json\/wp\/v2\/users\/3"}],"replies":[{"embeddable":true,"href":"https:\/\/stiap.com.br\/stiap\/wp-json\/wp\/v2\/comments?post=4530"}],"version-history":[{"count":4,"href":"https:\/\/stiap.com.br\/stiap\/wp-json\/wp\/v2\/posts\/4530\/revisions"}],"predecessor-version":[{"id":4536,"href":"https:\/\/stiap.com.br\/stiap\/wp-json\/wp\/v2\/posts\/4530\/revisions\/4536"}],"wp:featuredmedia":[{"embeddable":true,"href":"https:\/\/stiap.com.br\/stiap\/wp-json\/wp\/v2\/media\/4535"}],"wp:attachment":[{"href":"https:\/\/stiap.com.br\/stiap\/wp-json\/wp\/v2\/media?parent=4530"}],"wp:term":[{"taxonomy":"category","embeddable":true,"href":"https:\/\/stiap.com.br\/stiap\/wp-json\/wp\/v2\/categories?post=4530"},{"taxonomy":"post_tag","embeddable":true,"href":"https:\/\/stiap.com.br\/stiap\/wp-json\/wp\/v2\/tags?post=4530"}],"curies":[{"name":"wp","href":"https:\/\/api.w.org\/{rel}","templated":true}]}}