{"id":4579,"date":"2021-11-15T10:45:22","date_gmt":"2021-11-15T13:45:22","guid":{"rendered":"http:\/\/stiap.com.br\/stiap\/?p=4579"},"modified":"2021-11-15T11:18:54","modified_gmt":"2021-11-15T14:18:54","slug":"15-de-novembro-dia-da-proclamacao-da-republica","status":"publish","type":"post","link":"https:\/\/stiap.com.br\/stiap\/2021\/11\/15\/15-de-novembro-dia-da-proclamacao-da-republica\/","title":{"rendered":"15 de Novembro &#8211; Dia da Proclama\u00e7\u00e3o da Rep\u00fablica."},"content":{"rendered":"<p>A Proclama\u00e7\u00e3o da Rep\u00fablica do Brasil foi realizada em&nbsp;<strong>15 de novembro de 1889.<\/strong><\/p>\n<p>O evento aconteceu no Rio de Janeiro, a ent\u00e3o capital do pa\u00eds, por um grupo de militares liderado pelo&nbsp;<strong>Marechal Deodoro da Fonseca<\/strong>, que deu um golpe de estado no Imp\u00e9rio.&nbsp;<\/p>\n<p>Marechal Deodoro da Fonseca<strong>&nbsp;instituiu uma rep\u00fablica provis\u00f3ria<\/strong>&nbsp;e, posteriormente, se consagrou o primeiro presidente do Brasil.<\/p>\n<p>O Brasil era o \u00fanico pa\u00eds independente do continente americano governado por um imperador. A independ\u00eancia do pa\u00eds havia sido conquistada em 7 de setembro de 1822, atrav\u00e9s da assinatura do decreto por Dona Leopoldina e da a\u00e7\u00e3o de Pedro I.<\/p>\n<h2>Origem da Proclama\u00e7\u00e3o da Rep\u00fablica do Brasil<\/h2>\n<p>Ap\u00f3s a Guerra do Paraguai, os militares brasileiros passaram a exigir mais reconhecimento por parte do governo.<\/p>\n<p>A oposi\u00e7\u00e3o ao Imp\u00e9rio tamb\u00e9m partiram da igreja, pois o Imperador detinha o poder de interferir na organiza\u00e7\u00e3o do clero no Brasil. O incidente da &#8220;Quest\u00e3o Religiosa&#8221; provocou um grande descontentamento nos bispos, padres e demais membros da Igreja Cat\u00f3lica.<\/p>\n<p>Por\u00e9m, o fato que potencializou o movimento republicano foi a&nbsp;<strong>aboli\u00e7\u00e3o da escravatura<\/strong>, atrav\u00e9s da Lei \u00c1urea, assinada em 13 de maio de 1888.<\/p>\n<p>Os grandes propriet\u00e1rios rurais escravocratas tamb\u00e9m passaram a se opor ao imp\u00e9rio, pois n\u00e3o receberam nenhum tipo de indeniza\u00e7\u00e3o pela perda da propriedade dos seus escravos.<\/p>\n<p>Sem querer provocar uma guerra fratricida entre os brasileiros, Dom Pedro II aceita ser expulso do Brasil na madrugada do dia 16 de novembro.<\/p>\n<p>Fonte:&nbsp;http:\/\/institutopaiaguas.org.br\/publicacoes\/noticias\/item\/291-15-de-novembro-proclamacao-da-republica<\/p>\n<p><a href=\"https:\/\/stiap.com.br\/stiap\/wp-content\/uploads\/2021\/11\/FEED-PROCLAMA\u00c7\u00c3O-DA-REPuBLICA.png\"><img decoding=\"async\" loading=\"lazy\" class=\"alignnone size-medium wp-image-4580\" src=\"https:\/\/stiap.com.br\/stiap\/wp-content\/uploads\/2021\/11\/FEED-PROCLAMA\u00c7\u00c3O-DA-REPuBLICA-300x300.png\" alt=\"\" width=\"300\" height=\"300\" srcset=\"https:\/\/stiap.com.br\/stiap\/wp-content\/uploads\/2021\/11\/FEED-PROCLAMA\u00c7\u00c3O-DA-REPuBLICA-300x300.png 300w, https:\/\/stiap.com.br\/stiap\/wp-content\/uploads\/2021\/11\/FEED-PROCLAMA\u00c7\u00c3O-DA-REPuBLICA-150x150.png 150w, https:\/\/stiap.com.br\/stiap\/wp-content\/uploads\/2021\/11\/FEED-PROCLAMA\u00c7\u00c3O-DA-REPuBLICA-768x768.png 768w, https:\/\/stiap.com.br\/stiap\/wp-content\/uploads\/2021\/11\/FEED-PROCLAMA\u00c7\u00c3O-DA-REPuBLICA-1024x1024.png 1024w, https:\/\/stiap.com.br\/stiap\/wp-content\/uploads\/2021\/11\/FEED-PROCLAMA\u00c7\u00c3O-DA-REPuBLICA.png 1080w\" sizes=\"(max-width: 300px) 100vw, 300px\" \/><\/a><\/p>\n","protected":false},"excerpt":{"rendered":"<p>A Proclama\u00e7\u00e3o da Rep\u00fablica do Brasil foi realizada em&nbsp;15 de novembro de 1889. O evento aconteceu no Rio de Janeiro,<\/p>\n","protected":false},"author":3,"featured_media":0,"comment_status":"closed","ping_status":"open","sticky":false,"template":"","format":"image","meta":{"ngg_post_thumbnail":0,"_links_to":"","_links_to_target":""},"categories":[5],"tags":[],"_links":{"self":[{"href":"https:\/\/stiap.com.br\/stiap\/wp-json\/wp\/v2\/posts\/4579"}],"collection":[{"href":"https:\/\/stiap.com.br\/stiap\/wp-json\/wp\/v2\/posts"}],"about":[{"href":"https:\/\/stiap.com.br\/stiap\/wp-json\/wp\/v2\/types\/post"}],"author":[{"embeddable":true,"href":"https:\/\/stiap.com.br\/stiap\/wp-json\/wp\/v2\/users\/3"}],"replies":[{"embeddable":true,"href":"https:\/\/stiap.com.br\/stiap\/wp-json\/wp\/v2\/comments?post=4579"}],"version-history":[{"count":3,"href":"https:\/\/stiap.com.br\/stiap\/wp-json\/wp\/v2\/posts\/4579\/revisions"}],"predecessor-version":[{"id":4584,"href":"https:\/\/stiap.com.br\/stiap\/wp-json\/wp\/v2\/posts\/4579\/revisions\/4584"}],"wp:attachment":[{"href":"https:\/\/stiap.com.br\/stiap\/wp-json\/wp\/v2\/media?parent=4579"}],"wp:term":[{"taxonomy":"category","embeddable":true,"href":"https:\/\/stiap.com.br\/stiap\/wp-json\/wp\/v2\/categories?post=4579"},{"taxonomy":"post_tag","embeddable":true,"href":"https:\/\/stiap.com.br\/stiap\/wp-json\/wp\/v2\/tags?post=4579"}],"curies":[{"name":"wp","href":"https:\/\/api.w.org\/{rel}","templated":true}]}}