{"id":4596,"date":"2021-12-06T21:50:48","date_gmt":"2021-12-07T00:50:48","guid":{"rendered":"http:\/\/stiap.com.br\/stiap\/?p=4596"},"modified":"2021-12-06T21:50:48","modified_gmt":"2021-12-07T00:50:48","slug":"reuniao-da-secretaria-do-acucar","status":"publish","type":"post","link":"https:\/\/stiap.com.br\/stiap\/2021\/12\/06\/reuniao-da-secretaria-do-acucar\/","title":{"rendered":"Reuni\u00e3o da secretaria do a\u00e7\u00facar."},"content":{"rendered":"<p>O presidente do Sindicato da Alimenta\u00e7\u00e3o de Piracicaba, Fanio Luis Gomes, esteve presente na reuni\u00e3o da secretaria do a\u00e7\u00facar.<\/p>\n<div id='gallery-1' class='gallery galleryid-4596 gallery-columns-1 gallery-size-full'><figure class='gallery-item'>\n\t\t\t<div class='gallery-icon landscape'>\n\t\t\t\t<a href='https:\/\/stiap.com.br\/stiap\/wp-content\/uploads\/2021\/12\/3.jpg'><img width=\"960\" height=\"716\" src=\"https:\/\/stiap.com.br\/stiap\/wp-content\/uploads\/2021\/12\/3.jpg\" class=\"attachment-full size-full\" alt=\"\" decoding=\"async\" loading=\"lazy\" srcset=\"https:\/\/stiap.com.br\/stiap\/wp-content\/uploads\/2021\/12\/3.jpg 960w, https:\/\/stiap.com.br\/stiap\/wp-content\/uploads\/2021\/12\/3-300x224.jpg 300w, https:\/\/stiap.com.br\/stiap\/wp-content\/uploads\/2021\/12\/3-768x573.jpg 768w\" sizes=\"(max-width: 960px) 100vw, 960px\" \/><\/a>\n\t\t\t<\/div><\/figure><figure class='gallery-item'>\n\t\t\t<div class='gallery-icon landscape'>\n\t\t\t\t<a href='https:\/\/stiap.com.br\/stiap\/wp-content\/uploads\/2021\/12\/1.jpg'><img width=\"960\" height=\"716\" src=\"https:\/\/stiap.com.br\/stiap\/wp-content\/uploads\/2021\/12\/1.jpg\" class=\"attachment-full size-full\" alt=\"\" decoding=\"async\" loading=\"lazy\" srcset=\"https:\/\/stiap.com.br\/stiap\/wp-content\/uploads\/2021\/12\/1.jpg 960w, https:\/\/stiap.com.br\/stiap\/wp-content\/uploads\/2021\/12\/1-300x224.jpg 300w, https:\/\/stiap.com.br\/stiap\/wp-content\/uploads\/2021\/12\/1-768x573.jpg 768w\" sizes=\"(max-width: 960px) 100vw, 960px\" \/><\/a>\n\t\t\t<\/div><\/figure><figure class='gallery-item'>\n\t\t\t<div class='gallery-icon landscape'>\n\t\t\t\t<a href='https:\/\/stiap.com.br\/stiap\/wp-content\/uploads\/2021\/12\/2.jpg'><img width=\"960\" height=\"716\" src=\"https:\/\/stiap.com.br\/stiap\/wp-content\/uploads\/2021\/12\/2.jpg\" class=\"attachment-full size-full\" alt=\"\" decoding=\"async\" loading=\"lazy\" srcset=\"https:\/\/stiap.com.br\/stiap\/wp-content\/uploads\/2021\/12\/2.jpg 960w, https:\/\/stiap.com.br\/stiap\/wp-content\/uploads\/2021\/12\/2-300x224.jpg 300w, https:\/\/stiap.com.br\/stiap\/wp-content\/uploads\/2021\/12\/2-768x573.jpg 768w\" sizes=\"(max-width: 960px) 100vw, 960px\" \/><\/a>\n\t\t\t<\/div><\/figure>\n\t\t<\/div>\n\n","protected":false},"excerpt":{"rendered":"<p>O presidente do Sindicato da Alimenta\u00e7\u00e3o de Piracicaba, Fanio Luis Gomes, esteve presente na reuni\u00e3o da secretaria do a\u00e7\u00facar.<\/p>\n","protected":false},"author":3,"featured_media":4599,"comment_status":"closed","ping_status":"open","sticky":false,"template":"","format":"standard","meta":{"ngg_post_thumbnail":0,"_links_to":"","_links_to_target":""},"categories":[5],"tags":[],"_links":{"self":[{"href":"https:\/\/stiap.com.br\/stiap\/wp-json\/wp\/v2\/posts\/4596"}],"collection":[{"href":"https:\/\/stiap.com.br\/stiap\/wp-json\/wp\/v2\/posts"}],"about":[{"href":"https:\/\/stiap.com.br\/stiap\/wp-json\/wp\/v2\/types\/post"}],"author":[{"embeddable":true,"href":"https:\/\/stiap.com.br\/stiap\/wp-json\/wp\/v2\/users\/3"}],"replies":[{"embeddable":true,"href":"https:\/\/stiap.com.br\/stiap\/wp-json\/wp\/v2\/comments?post=4596"}],"version-history":[{"count":1,"href":"https:\/\/stiap.com.br\/stiap\/wp-json\/wp\/v2\/posts\/4596\/revisions"}],"predecessor-version":[{"id":4600,"href":"https:\/\/stiap.com.br\/stiap\/wp-json\/wp\/v2\/posts\/4596\/revisions\/4600"}],"wp:featuredmedia":[{"embeddable":true,"href":"https:\/\/stiap.com.br\/stiap\/wp-json\/wp\/v2\/media\/4599"}],"wp:attachment":[{"href":"https:\/\/stiap.com.br\/stiap\/wp-json\/wp\/v2\/media?parent=4596"}],"wp:term":[{"taxonomy":"category","embeddable":true,"href":"https:\/\/stiap.com.br\/stiap\/wp-json\/wp\/v2\/categories?post=4596"},{"taxonomy":"post_tag","embeddable":true,"href":"https:\/\/stiap.com.br\/stiap\/wp-json\/wp\/v2\/tags?post=4596"}],"curies":[{"name":"wp","href":"https:\/\/api.w.org\/{rel}","templated":true}]}}